{"id":1751,"date":"2014-11-26T01:40:10","date_gmt":"2014-11-26T01:40:10","guid":{"rendered":"http:\/\/www.media3turdera.com.ar\/?p=1751"},"modified":"2014-11-26T01:40:10","modified_gmt":"2014-11-26T01:40:10","slug":"canciones-de-6to-2da-2","status":"publish","type":"post","link":"https:\/\/www.media3turdera.com.ar\/?p=1751","title":{"rendered":"Canciones de 6to 2da"},"content":{"rendered":"<p>Los chicos de 6to 2da hicieron canciones para la asignatura Morfolog\u00eda sonora, utilizando el programa Live para la creaci\u00f3n de ritmos y la organizaci\u00f3n secuencias musicales.<\/p>\n<p>&nbsp;<\/p>\n<p>Canci\u00f3n Castellanos, Verazay:<\/p>\n<audio class=\"wp-audio-shortcode\" id=\"audio-1751-1\" preload=\"none\" style=\"width: 100%;\" controls=\"controls\"><source type=\"audio\/mpeg\" src=\"https:\/\/ia902709.us.archive.org\/13\/items\/CancionZavalaSolerYGutierrez\/Cancion%20Morfologia%20Sonora%20Agustin%20Castellanos%2CCecilia%20Verazay%20terminado2.mp3?_=1\" \/><a href=\"https:\/\/ia902709.us.archive.org\/13\/items\/CancionZavalaSolerYGutierrez\/Cancion%20Morfologia%20Sonora%20Agustin%20Castellanos%2CCecilia%20Verazay%20terminado2.mp3\">https:\/\/ia902709.us.archive.org\/13\/items\/CancionZavalaSolerYGutierrez\/Cancion%20Morfologia%20Sonora%20Agustin%20Castellanos%2CCecilia%20Verazay%20terminado2.mp3<\/a><\/audio>\n<p>Canci\u00f3n Zabala, Soler, Guti\u00e9rrez:<\/p>\n<audio class=\"wp-audio-shortcode\" id=\"audio-1751-2\" preload=\"none\" style=\"width: 100%;\" controls=\"controls\"><source type=\"audio\/mpeg\" src=\"http:\/\/https:\/\/ia802709.us.archive.org\/13\/items\/CancionZavalaSolerYGutierrez\/Cancion%20Zavala%2C%20Soler%20y%20Gutierrez.mp3?_=2\" \/><a href=\"http:\/\/https:\/\/ia802709.us.archive.org\/13\/items\/CancionZavalaSolerYGutierrez\/Cancion%20Zavala%2C%20Soler%20y%20Gutierrez.mp3\">http:\/\/https:\/\/ia802709.us.archive.org\/13\/items\/CancionZavalaSolerYGutierrez\/Cancion%20Zavala%2C%20Soler%20y%20Gutierrez.mp3<\/a><\/audio>\n<p>Canci\u00f3n Falero, Fern\u00e1ndez:<\/p>\n<audio class=\"wp-audio-shortcode\" id=\"audio-1751-3\" preload=\"none\" style=\"width: 100%;\" controls=\"controls\"><source type=\"audio\/mpeg\" src=\"http:\/\/https:\/\/ia802709.us.archive.org\/13\/items\/CancionZavalaSolerYGutierrez\/Cancion%20Falero%20y%20Fernandez.mp3?_=3\" \/><a href=\"http:\/\/https:\/\/ia802709.us.archive.org\/13\/items\/CancionZavalaSolerYGutierrez\/Cancion%20Falero%20y%20Fernandez.mp3\">http:\/\/https:\/\/ia802709.us.archive.org\/13\/items\/CancionZavalaSolerYGutierrez\/Cancion%20Falero%20y%20Fernandez.mp3<\/a><\/audio>\n<p>Canci\u00f3n Pinal, Sarabia, Chamorro:<\/p>\n<audio class=\"wp-audio-shortcode\" id=\"audio-1751-4\" preload=\"none\" style=\"width: 100%;\" controls=\"controls\"><source type=\"audio\/mpeg\" src=\"http:\/\/https:\/\/ia902709.us.archive.org\/13\/items\/CancionZavalaSolerYGutierrez\/morfo-cancion%28este%20en%20definitiva%20que%20queda%29%20pinal%2C%20sarabia%2C%20chamorro.MP3?_=4\" \/><a href=\"http:\/\/https:\/\/ia902709.us.archive.org\/13\/items\/CancionZavalaSolerYGutierrez\/morfo-cancion%28este%20en%20definitiva%20que%20queda%29%20pinal%2C%20sarabia%2C%20chamorro.MP3\">http:\/\/https:\/\/ia902709.us.archive.org\/13\/items\/CancionZavalaSolerYGutierrez\/morfo-cancion%28este%20en%20definitiva%20que%20queda%29%20pinal%2C%20sarabia%2C%20chamorro.MP3<\/a><\/audio>\n<p>&nbsp;<\/p>\n","protected":false},"excerpt":{"rendered":"<p>Los chicos de 6to 2da hicieron canciones para la asignatura Morfolog\u00eda sonora, utilizando el programa Live para la<\/p>\n","protected":false},"author":2,"featured_media":1098,"comment_status":"open","ping_status":"open","sticky":false,"template":"","format":"standard","meta":{"footnotes":""},"categories":[23,38],"tags":[],"class_list":["post-1751","post","type-post","status-publish","format-standard","has-post-thumbnail","hentry","category-6o2a","category-sonido"],"_links":{"self":[{"href":"https:\/\/www.media3turdera.com.ar\/index.php?rest_route=\/wp\/v2\/posts\/1751","targetHints":{"allow":["GET"]}}],"collection":[{"href":"https:\/\/www.media3turdera.com.ar\/index.php?rest_route=\/wp\/v2\/posts"}],"about":[{"href":"https:\/\/www.media3turdera.com.ar\/index.php?rest_route=\/wp\/v2\/types\/post"}],"author":[{"embeddable":true,"href":"https:\/\/www.media3turdera.com.ar\/index.php?rest_route=\/wp\/v2\/users\/2"}],"replies":[{"embeddable":true,"href":"https:\/\/www.media3turdera.com.ar\/index.php?rest_route=%2Fwp%2Fv2%2Fcomments&post=1751"}],"version-history":[{"count":2,"href":"https:\/\/www.media3turdera.com.ar\/index.php?rest_route=\/wp\/v2\/posts\/1751\/revisions"}],"predecessor-version":[{"id":1753,"href":"https:\/\/www.media3turdera.com.ar\/index.php?rest_route=\/wp\/v2\/posts\/1751\/revisions\/1753"}],"wp:featuredmedia":[{"embeddable":true,"href":"https:\/\/www.media3turdera.com.ar\/index.php?rest_route=\/wp\/v2\/media\/1098"}],"wp:attachment":[{"href":"https:\/\/www.media3turdera.com.ar\/index.php?rest_route=%2Fwp%2Fv2%2Fmedia&parent=1751"}],"wp:term":[{"taxonomy":"category","embeddable":true,"href":"https:\/\/www.media3turdera.com.ar\/index.php?rest_route=%2Fwp%2Fv2%2Fcategories&post=1751"},{"taxonomy":"post_tag","embeddable":true,"href":"https:\/\/www.media3turdera.com.ar\/index.php?rest_route=%2Fwp%2Fv2%2Ftags&post=1751"}],"curies":[{"name":"wp","href":"https:\/\/api.w.org\/{rel}","templated":true}]}}